{"id":532,"date":"2019-11-13T09:14:35","date_gmt":"2019-11-13T08:14:35","guid":{"rendered":"http:\/\/christianekoenig.de\/?p=532"},"modified":"2019-11-13T09:14:35","modified_gmt":"2019-11-13T08:14:35","slug":"podiumsdiskussion-2","status":"publish","type":"post","link":"http:\/\/christianekoenig.de\/?p=532","title":{"rendered":"Podiumsdiskussion"},"content":{"rendered":"<p>18. November, 20 Uhr Odeon Kino K\u00f6ln <a href=\"https:\/\/medienapokalypsen.uni-koeln.de\/programm.html#ws19\">Podiumsdiskussion<\/a> zum Film <em>Human Nature<\/em> (USA 2019) von Adam Bolt, gemeinsam mit Laura Struck (Mindjazz Pictures), Stephan Packard (Professur Kulturen und Theorien des Popul\u00e4ren am Institut f\u00fcr Medienkultur und Theater der Universit\u00e4t zu K\u00f6ln), Kerstin Stutterheim (<span class=\"\">Professur\u00a0<\/span><span class=\"\">Media and Cultural Studies an der Bournemouth University) und Simon Ledder ((wissenschaftlicher Mitarbeiter an der Professur f\u00fcr Disability Studies am Departement Heilp\u00e4dagogik und Rehabilitation der Universit\u00e4t zu K\u00f6ln).<\/span><\/p>\n","protected":false},"excerpt":{"rendered":"<p>18. November, 20 Uhr Odeon Kino K\u00f6ln Podiumsdiskussion zum Film Human Nature (USA 2019) von Adam Bolt, gemeinsam mit Laura Struck (Mindjazz Pictures), Stephan Packard (Professur Kulturen und Theorien des Popul\u00e4ren am Institut f\u00fcr Medienkultur und Theater der Universit\u00e4t zu K\u00f6ln), Kerstin Stutterheim (Professur\u00a0Media and Cultural Studies an der Bournemouth University) und Simon Ledder ((wissenschaftlicher [&hellip;]<\/p>\n","protected":false},"author":1,"featured_media":0,"comment_status":"closed","ping_status":"closed","sticky":false,"template":"","format":"standard","meta":[],"categories":[1,3],"tags":[],"_links":{"self":[{"href":"http:\/\/christianekoenig.de\/index.php?rest_route=\/wp\/v2\/posts\/532"}],"collection":[{"href":"http:\/\/christianekoenig.de\/index.php?rest_route=\/wp\/v2\/posts"}],"about":[{"href":"http:\/\/christianekoenig.de\/index.php?rest_route=\/wp\/v2\/types\/post"}],"author":[{"embeddable":true,"href":"http:\/\/christianekoenig.de\/index.php?rest_route=\/wp\/v2\/users\/1"}],"replies":[{"embeddable":true,"href":"http:\/\/christianekoenig.de\/index.php?rest_route=%2Fwp%2Fv2%2Fcomments&post=532"}],"version-history":[{"count":1,"href":"http:\/\/christianekoenig.de\/index.php?rest_route=\/wp\/v2\/posts\/532\/revisions"}],"predecessor-version":[{"id":533,"href":"http:\/\/christianekoenig.de\/index.php?rest_route=\/wp\/v2\/posts\/532\/revisions\/533"}],"wp:attachment":[{"href":"http:\/\/christianekoenig.de\/index.php?rest_route=%2Fwp%2Fv2%2Fmedia&parent=532"}],"wp:term":[{"taxonomy":"category","embeddable":true,"href":"http:\/\/christianekoenig.de\/index.php?rest_route=%2Fwp%2Fv2%2Fcategories&post=532"},{"taxonomy":"post_tag","embeddable":true,"href":"http:\/\/christianekoenig.de\/index.php?rest_route=%2Fwp%2Fv2%2Ftags&post=532"}],"curies":[{"name":"wp","href":"https:\/\/api.w.org\/{rel}","templated":true}]}}